{"id":20,"date":"2017-08-21T12:44:05","date_gmt":"2017-08-21T12:44:05","guid":{"rendered":"http:\/\/www.rickardlindqvist.se\/?p=20"},"modified":"2020-04-15T19:55:55","modified_gmt":"2020-04-15T19:55:55","slug":"mina-foton-i-massupplaga","status":"publish","type":"post","link":"http:\/\/www.rickardlindqvist.se\/?p=20","title":{"rendered":"Mina foton i massupplaga"},"content":{"rendered":"<p>Jag tar s\u00e5 oerh\u00f6rt mycket foton och det \u00e4r jag s\u00e5klart inte ensam om. Grejen \u00e4r den att alla foton jag tar \u00e4r h\u00f6guppl\u00f6sta och enorma i storlek. Jag vet inte hur m\u00e5nga externa h\u00e5rddiskar jag har p\u00e5 lager, fulla med bilder. Dessutom har jag ju backup p\u00e5 allt. Det \u00e4r min skatt, alla dessa fotografier och jag best\u00e4mde mig nyligen f\u00f6r att g\u00f6ra en <em>Best Of-skiva<\/em> med de 150 b\u00e4sta fotona jag tagit genom \u00e5ren.<\/p>\n<h2>Det tog n\u00e4stan ett \u00e5r<\/h2>\n<p>Att v\u00e4lja 150 bilder av hundratusentals var ingen barnlek. Det var mycket hummande och s\u00e5llande och projektet tig n\u00e4stan ett helt \u00e5r, men nu \u00e4r det klart och skivan jag sammanst\u00e4llt har jag skickat iv\u00e4g f\u00f6r <a href=\"https:\/\/skivfabriken.se\/cd-pressning\/\">CD pressning<\/a>, s\u00e5 att jag ska kunna dela ut den i riktigt god kvalitet. Denna skiva \u00e4r min konstsamling och jag hoppas v\u00e4l innerst inne att den kanske ska bli mitt genombrott.<\/p>\n<p>N\u00e4r jag kontaktade f\u00f6retaget som ska pressa mina foton till h\u00f6gkvalitativa CD-skivor s\u00e5 blev jag positivt \u00f6verraskad. De var riktigt hj\u00e4lpsamma och snabba med leverans. Det \u00e4r s\u00e5 h\u00e4rligt n\u00e4r man kommer i kontakt med riktigt bra f\u00f6retag.<\/p>\n<h2>Ingen r\u00f6d tr\u00e5d<\/h2>\n<p>Samlingen \u00e4r en mixad kompott. F\u00f6rst t\u00e4nkte jag ha n\u00e5gon form av tema p\u00e5 den, men favoritbilderna \u00e4r av v\u00e4ldigt varierad form och stil s\u00e5 det gick inte att f\u00e5 till n\u00e5gon r\u00f6d tr\u00e5d &#8211; f\u00f6rutom att det \u00e4r just <em>de allra b\u00e4sta<\/em>.<\/p>\n<p>\u00c4r du intresserad av att l\u00e4gga vantarna p\u00e5 en av dessa skivor s\u00e5 h\u00f6r av dig!<\/p>\n","protected":false},"excerpt":{"rendered":"<p>Jag tar s\u00e5 oerh\u00f6rt mycket foton och det \u00e4r jag s\u00e5klart inte ensam om. Grejen \u00e4r den att alla foton jag tar \u00e4r h\u00f6guppl\u00f6sta och enorma i storlek. Jag vet inte hur m\u00e5nga externa h\u00e5rddiskar jag har p\u00e5 lager, fulla med bilder. Dessutom har jag ju backup p\u00e5 allt. Det \u00e4r min skatt, alla dessa&hellip;<\/p>\n","protected":false},"author":1,"featured_media":21,"comment_status":"closed","ping_status":"open","sticky":false,"template":"","format":"standard","meta":[],"categories":[1],"tags":[],"_links":{"self":[{"href":"http:\/\/www.rickardlindqvist.se\/index.php?rest_route=\/wp\/v2\/posts\/20"}],"collection":[{"href":"http:\/\/www.rickardlindqvist.se\/index.php?rest_route=\/wp\/v2\/posts"}],"about":[{"href":"http:\/\/www.rickardlindqvist.se\/index.php?rest_route=\/wp\/v2\/types\/post"}],"author":[{"embeddable":true,"href":"http:\/\/www.rickardlindqvist.se\/index.php?rest_route=\/wp\/v2\/users\/1"}],"replies":[{"embeddable":true,"href":"http:\/\/www.rickardlindqvist.se\/index.php?rest_route=%2Fwp%2Fv2%2Fcomments&post=20"}],"version-history":[{"count":2,"href":"http:\/\/www.rickardlindqvist.se\/index.php?rest_route=\/wp\/v2\/posts\/20\/revisions"}],"predecessor-version":[{"id":33,"href":"http:\/\/www.rickardlindqvist.se\/index.php?rest_route=\/wp\/v2\/posts\/20\/revisions\/33"}],"wp:featuredmedia":[{"embeddable":true,"href":"http:\/\/www.rickardlindqvist.se\/index.php?rest_route=\/wp\/v2\/media\/21"}],"wp:attachment":[{"href":"http:\/\/www.rickardlindqvist.se\/index.php?rest_route=%2Fwp%2Fv2%2Fmedia&parent=20"}],"wp:term":[{"taxonomy":"category","embeddable":true,"href":"http:\/\/www.rickardlindqvist.se\/index.php?rest_route=%2Fwp%2Fv2%2Fcategories&post=20"},{"taxonomy":"post_tag","embeddable":true,"href":"http:\/\/www.rickardlindqvist.se\/index.php?rest_route=%2Fwp%2Fv2%2Ftags&post=20"}],"curies":[{"name":"wp","href":"https:\/\/api.w.org\/{rel}","templated":true}]}}